{"id":744,"date":"2023-03-25T10:31:53","date_gmt":"2023-03-25T10:31:53","guid":{"rendered":"https:\/\/harrykalteis.de\/?p=744"},"modified":"2023-05-29T07:22:36","modified_gmt":"2023-05-29T07:22:36","slug":"zecken-3","status":"publish","type":"post","link":"https:\/\/h-kalteis.de\/?p=744","title":{"rendered":"Zecken"},"content":{"rendered":"\n<p>Kaum zu glauben, aber heute hatten wir unseren ersten Gast aus dem Feld mit heim gebracht. Schon auf dem Weg Richtung Heimat war es mir so, als h\u00e4tte Yoko sich eine Zecke eingefangen. Genau am Hals. Es ist ja nichts Neues mit den Zecken, aber diesmal geht das sehr fr\u00fch los. Ich hatte mich noch gar nicht darauf vorbereitet, aber was soll es; es ist ja nicht das erste Jahr f\u00fcr Yoko und den Zecken. Zum Gl\u00fcck war es eine &#8222;normale Zecke&#8220;. Ein Ruck; ein Schrei und schon war es vorbei. Kurz und schmerzlos wurde die Zecke zur\u00fcck in die Natur verbracht.<\/p>\n\n\n<div class=\"wp-block-image\">\n<figure class=\"aligncenter size-large is-resized\"><img loading=\"lazy\" decoding=\"async\" src=\"https:\/\/harrykalteis.de\/wp-content\/uploads\/2023\/03\/f1d8e866-9d89-4250-b231-4138d82b846d-768x1024.jpg\" alt=\"erste Zecke 2023\" class=\"wp-image-745\" width=\"567\" height=\"756\"\/><figcaption class=\"wp-element-caption\">Dieser Blick kann Eis schmelzen!<\/figcaption><\/figure>\n<\/div>\n\n\n<p>Yoko hatte auch wieder mal eine H\u00fcndin zurecht stutzen m\u00fcssen. Hundef\u00fchrerin mit Fahrrad und Hund kamen von hinten auf einem Feldweg auf uns zu. Kein klingeln, kein Ruf; auf einmal waren die beiden auf unserer H\u00f6he und Yoko wusste es nicht besser, als die H\u00fcndin erst mal zurecht zu weisen. Ich wusste gar nicht, wie schnell Yoko sein kann; ich hatte sehr lange zu k\u00e4mpfen, die beiden Streith\u00e4hne zu trennen.<\/p>\n\n\n\n<p>Radfahrerin und H\u00fcndin waren aber auch genau so schnell weg, wie sie da waren. Ich machte mir wohl Vorw\u00fcrfe, weil Yoko frei und ohne Leine unterwegs war. Aber anders herum; warum darf ich meinen Hund nicht im freien Feld laufen lassen. In 4 Wochen sollte man seinen Hund generell angeleint durch die Felder begleiten. In der Natur kommen die ersten Junge zur Welt und manche Hunde jagen gerne. Das w\u00e4re sehr schlecht f\u00fcr die Verbreitung aller Wildarten. Deshalb sollte auch jeder Hundehalter seinen Hund angeleint durch die Felder lassen. Manchmal kommt der Jagdtrieb durch und dann kann es schon zu sp\u00e4t sein. <\/p>\n\n\n\n<p>Wenn jeder etwas mehr Respekt f\u00fcr Natur und Menschheit haben, w\u00e4re es auf diesem Planeten doch sehr sch\u00f6n. Aber viele sind egoistisch und Stur, da klappt das friedliche Miteinander nicht mehr so gut. Schade, aber wahr!<\/p>\n","protected":false},"excerpt":{"rendered":"<p>Kaum zu glauben, aber heute hatten wir unseren ersten Gast aus dem Feld mit heim gebracht. Schon auf dem Weg Richtung Heimat war es mir so, als h\u00e4tte Yoko sich eine Zecke eingefangen. Genau am Hals. Es ist ja nichts Neues mit den Zecken, aber diesmal geht das sehr fr\u00fch los. Ich hatte mich noch [&hellip;]<\/p>\n","protected":false},"author":6,"featured_media":431,"comment_status":"open","ping_status":"closed","sticky":false,"template":"","format":"standard","meta":{"footnotes":""},"categories":[7,8],"tags":[],"class_list":["post-744","post","type-post","status-publish","format-standard","has-post-thumbnail","hentry","category-allgemeines","category-meine-hunde"],"_links":{"self":[{"href":"https:\/\/h-kalteis.de\/index.php?rest_route=\/wp\/v2\/posts\/744","targetHints":{"allow":["GET"]}}],"collection":[{"href":"https:\/\/h-kalteis.de\/index.php?rest_route=\/wp\/v2\/posts"}],"about":[{"href":"https:\/\/h-kalteis.de\/index.php?rest_route=\/wp\/v2\/types\/post"}],"author":[{"embeddable":true,"href":"https:\/\/h-kalteis.de\/index.php?rest_route=\/wp\/v2\/users\/6"}],"replies":[{"embeddable":true,"href":"https:\/\/h-kalteis.de\/index.php?rest_route=%2Fwp%2Fv2%2Fcomments&post=744"}],"version-history":[{"count":0,"href":"https:\/\/h-kalteis.de\/index.php?rest_route=\/wp\/v2\/posts\/744\/revisions"}],"wp:featuredmedia":[{"embeddable":true,"href":"https:\/\/h-kalteis.de\/index.php?rest_route=\/wp\/v2\/media\/431"}],"wp:attachment":[{"href":"https:\/\/h-kalteis.de\/index.php?rest_route=%2Fwp%2Fv2%2Fmedia&parent=744"}],"wp:term":[{"taxonomy":"category","embeddable":true,"href":"https:\/\/h-kalteis.de\/index.php?rest_route=%2Fwp%2Fv2%2Fcategories&post=744"},{"taxonomy":"post_tag","embeddable":true,"href":"https:\/\/h-kalteis.de\/index.php?rest_route=%2Fwp%2Fv2%2Ftags&post=744"}],"curies":[{"name":"wp","href":"https:\/\/api.w.org\/{rel}","templated":true}]}}